{"id":2535,"date":"2014-03-06T16:02:45","date_gmt":"2014-03-06T15:02:45","guid":{"rendered":"https:\/\/www.coloriages-pour-enfants.net\/?p=2535"},"modified":"2014-03-06T16:02:45","modified_gmt":"2014-03-06T15:02:45","slug":"nouveaux-coloriages-carnaval","status":"publish","type":"post","link":"https:\/\/www.justcolor.net\/enfants\/nouveaux-coloriages-carnaval\/","title":{"rendered":"C&rsquo;est le CARNAVAL ! Nouveaux coloriages \u00e0 d\u00e9couvrir"},"content":{"rendered":"<p>P\u00e9riode oblige, nous avons ajout\u00e9 des <a title=\"Coloriage Carnaval\" href=\"https:\/\/www.coloriages-pour-enfants.net\/thematiques\/coloriages-carnaval\/\">Coloriages de <strong>Carnaval<\/strong> gratuits sur le site<\/a>. Vous trouverez donc des masques \u00e0 d\u00e9couper et colorier, des coloriages d&rsquo;enfants d\u00e9guis\u00e9s, des dessins inspir\u00e9s des <strong>Carnavals de Rio, Venise, Nice, Dunkerque<\/strong>, etc&#8230; Chacun de ces carnaval a son histoire propre, remontant souvent \u00e0 de tr\u00e8s nombreuses ann\u00e9es.<\/p>\n<p>De quoi r\u00e9aliser de magnifiques \u0153uvres tr\u00e8s color\u00e9es, respirant la f\u00eate et la joie de vivre !<\/p>\n<p>Allez c&rsquo;est parti pour les <a title=\"Coloriage Carnaval\" href=\"https:\/\/www.coloriages-pour-enfants.net\/thematiques\/coloriages-carnaval\/\">Images de <strong>Carnaval<\/strong> \u00e0 imprimer et colorier<\/a> !<\/p>\n<figure id=\"attachment_2536\" aria-describedby=\"caption-attachment-2536\" style=\"width: 590px\" class=\"wp-caption alignnone\"><a href=\"https:\/\/www.coloriages-pour-enfants.net\/wp-content\/uploads\/sites\/11\/2014\/03\/DSC_3791.jpg\"><img decoding=\"async\" class=\"size-large wp-image-2536\" alt=\"Photo d'un Carnavaleux de Dunkerque, prise lors de l'\u00e9dition 2014 \" src=\"https:\/\/www.coloriages-pour-enfants.net\/wp-content\/uploads\/sites\/11\/2014\/03\/DSC_3791-1024x682.jpg\" width=\"600\" \/><\/a><figcaption id=\"caption-attachment-2536\" class=\"wp-caption-text\">Photo d&rsquo;un Carnavaleux de Dunkerque, prise lors de l&rsquo;\u00e9dition 2014<\/figcaption><\/figure>\n<p>&nbsp;<\/p>\n","protected":false},"excerpt":{"rendered":"<p>P\u00e9riode oblige, nous avons ajout\u00e9 des Coloriages de Carnaval gratuits sur le site. Vous trouverez donc des masques \u00e0 d\u00e9couper et colorier, des coloriages d&rsquo;enfants d\u00e9guis\u00e9s, des dessins inspir\u00e9s des Carnavals de Rio, Venise, Nice, Dunkerque, etc&#8230; Chacun de ces carnaval a son histoire propre, remontant souvent \u00e0 de tr\u00e8s nombreuses ann\u00e9es. De quoi r\u00e9aliser &#8230; <br \/><a title=\"C&rsquo;est le CARNAVAL ! Nouveaux coloriages \u00e0 d\u00e9couvrir\" class=\"read-more\" href=\"https:\/\/www.justcolor.net\/enfants\/nouveaux-coloriages-carnaval\/\">Lire la suite<\/a><\/p>\n","protected":false},"author":1,"featured_media":0,"comment_status":"closed","ping_status":"closed","sticky":false,"template":"","format":"standard","meta":{"ngg_post_thumbnail":0,"footnotes":""},"categories":[6,7],"tags":[],"class_list":["post-2535","post","type-post","status-publish","format-standard","hentry","category-non-classe","category-nouveautes"],"amp_enabled":true,"_links":{"self":[{"href":"https:\/\/www.justcolor.net\/enfants\/wp-json\/wp\/v2\/posts\/2535","targetHints":{"allow":["GET"]}}],"collection":[{"href":"https:\/\/www.justcolor.net\/enfants\/wp-json\/wp\/v2\/posts"}],"about":[{"href":"https:\/\/www.justcolor.net\/enfants\/wp-json\/wp\/v2\/types\/post"}],"author":[{"embeddable":true,"href":"https:\/\/www.justcolor.net\/enfants\/wp-json\/wp\/v2\/users\/1"}],"replies":[{"embeddable":true,"href":"https:\/\/www.justcolor.net\/enfants\/wp-json\/wp\/v2\/comments?post=2535"}],"version-history":[{"count":0,"href":"https:\/\/www.justcolor.net\/enfants\/wp-json\/wp\/v2\/posts\/2535\/revisions"}],"wp:attachment":[{"href":"https:\/\/www.justcolor.net\/enfants\/wp-json\/wp\/v2\/media?parent=2535"}],"wp:term":[{"taxonomy":"category","embeddable":true,"href":"https:\/\/www.justcolor.net\/enfants\/wp-json\/wp\/v2\/categories?post=2535"},{"taxonomy":"post_tag","embeddable":true,"href":"https:\/\/www.justcolor.net\/enfants\/wp-json\/wp\/v2\/tags?post=2535"}],"curies":[{"name":"wp","href":"https:\/\/api.w.org\/{rel}","templated":true}]}}