{"id":2757,"date":"2014-09-25T13:00:58","date_gmt":"2014-09-25T12:00:58","guid":{"rendered":"https:\/\/www.coloriages-pour-enfants.net\/?p=2757"},"modified":"2014-09-25T13:00:58","modified_gmt":"2014-09-25T12:00:58","slug":"tournee-violetta-live-2015-18-concerts-france","status":"publish","type":"post","link":"https:\/\/www.justcolor.net\/enfants\/tournee-violetta-live-2015-18-concerts-france\/","title":{"rendered":"Tourn\u00e9e Violetta Live 2015 : 18 concerts en France !"},"content":{"rendered":"<div>\n<figure id=\"attachment_2758\" aria-describedby=\"caption-attachment-2758\" style=\"width: 218px\" class=\"wp-caption alignright\"><a href=\"https:\/\/www.coloriages-pour-enfants.net\/wp-content\/uploads\/sites\/11\/2014\/09\/violetta-tournee-2015.jpg\"><img loading=\"lazy\" decoding=\"async\" class=\"size-medium wp-image-2758 \" alt=\"Affiche Violetta LIVE 2015\" src=\"https:\/\/www.coloriages-pour-enfants.net\/wp-content\/uploads\/sites\/11\/2014\/09\/violetta-tournee-2015-228x300.jpg\" width=\"228\" height=\"300\" \/><\/a><figcaption id=\"caption-attachment-2758\" class=\"wp-caption-text\">Affiche tourn\u00e9e Violetta 2015<\/figcaption><\/figure>\n<p>Violetta revient cette fin d&rsquo;ann\u00e9e avec la <strong>saison 3<\/strong>, et en 2015 avec une nouvelle <strong>m\u00e9ga tourn\u00e9e mondiale<\/strong> ! Et oui il sera bient\u00f4t possible de voir en VRAI\u00a0Martina Stoessel et les autres acteurs de la s\u00e9rie, \u00e0 l&rsquo;occasion de plusieurs concerts, qui seront sans doutes donn\u00e9s \u00e0 guichets ferm\u00e9s.<\/p>\n<\/div>\n<div>De passage un peu partout dans le monde, la trouve \u00ab\u00a0<strong>Violetta LIVE 2015<\/strong>\u00a0\u00bb sera de passage en France en d\u00e9but d&rsquo;ann\u00e9e, les dates sont d\u00e9j\u00e0 connues :<\/div>\n<div><\/div>\n<div>\n<ul>\n<li><strong>11 &#8211; 12 f\u00e9vrier \u00e0 Lyon \u00e0 la Halle Tony Garnier<\/strong><\/li>\n<li><strong>14 &#8211; 15 f\u00e9vrier au Z\u00e9nith de Toulouse<\/strong><\/li>\n<li><strong>18 -19 &#8211; 20 f\u00e9vrier au Z\u00e9nith de Paris<\/strong><\/li>\n<li><strong>24 &#8211; 25 f\u00e9vrier au Z\u00e9nith de Strasbourg<\/strong><\/li>\n<li><strong>27 &#8211; 28 f\u00e9vrier \u00e0 l&rsquo;Ar\u00e9na de Montpellier<\/strong><\/li>\n<li><strong>3 &#8211; 4 mars au D\u00f4me de Marseille<\/strong><\/li>\n<li><strong>7 &#8211; 8 mars au Gayant Expo de Douai<\/strong><\/li>\n<\/ul>\n<\/div>\n<div>\n<div>Les concerts devraient \u00eatre diffus\u00e9s en cin\u00e9ma.<\/div>\n<\/div>\n<div><\/div>\n<div>En attendant, n&rsquo;h\u00e9sitez pas \u00e0 d\u00e9couvrir ou red\u00e9couvrir nos <a title=\"Coloriage Violetta\" href=\"https:\/\/www.coloriages-pour-enfants.net\/coloriages-personnages-tv\/coloriage-violetta\/\">Coloriages Violetta<\/a>, avec prochainement des images \u00e0 imprimer et colorier issues de la saison 3, de la tourn\u00e9e 2015, etc &#8230;<\/div>\n","protected":false},"excerpt":{"rendered":"<p>Violetta revient cette fin d&rsquo;ann\u00e9e avec la saison 3, et en 2015 avec une nouvelle m\u00e9ga tourn\u00e9e mondiale ! Et oui il sera bient\u00f4t possible de voir en VRAI\u00a0Martina Stoessel et les autres acteurs de la s\u00e9rie, \u00e0 l&rsquo;occasion de plusieurs concerts, qui seront sans doutes donn\u00e9s \u00e0 guichets ferm\u00e9s. De passage un peu partout &#8230; <br \/><a title=\"Tourn\u00e9e Violetta Live 2015 : 18 concerts en France !\" class=\"read-more\" href=\"https:\/\/www.justcolor.net\/enfants\/tournee-violetta-live-2015-18-concerts-france\/\">Lire la suite<\/a><\/p>\n","protected":false},"author":1,"featured_media":0,"comment_status":"closed","ping_status":"closed","sticky":false,"template":"","format":"standard","meta":{"ngg_post_thumbnail":0,"footnotes":""},"categories":[6],"tags":[159,546,610],"class_list":["post-2757","post","type-post","status-publish","format-standard","hentry","category-non-classe","tag-concert","tag-star","tag-violetta"],"amp_enabled":true,"_links":{"self":[{"href":"https:\/\/www.justcolor.net\/enfants\/wp-json\/wp\/v2\/posts\/2757","targetHints":{"allow":["GET"]}}],"collection":[{"href":"https:\/\/www.justcolor.net\/enfants\/wp-json\/wp\/v2\/posts"}],"about":[{"href":"https:\/\/www.justcolor.net\/enfants\/wp-json\/wp\/v2\/types\/post"}],"author":[{"embeddable":true,"href":"https:\/\/www.justcolor.net\/enfants\/wp-json\/wp\/v2\/users\/1"}],"replies":[{"embeddable":true,"href":"https:\/\/www.justcolor.net\/enfants\/wp-json\/wp\/v2\/comments?post=2757"}],"version-history":[{"count":0,"href":"https:\/\/www.justcolor.net\/enfants\/wp-json\/wp\/v2\/posts\/2757\/revisions"}],"wp:attachment":[{"href":"https:\/\/www.justcolor.net\/enfants\/wp-json\/wp\/v2\/media?parent=2757"}],"wp:term":[{"taxonomy":"category","embeddable":true,"href":"https:\/\/www.justcolor.net\/enfants\/wp-json\/wp\/v2\/categories?post=2757"},{"taxonomy":"post_tag","embeddable":true,"href":"https:\/\/www.justcolor.net\/enfants\/wp-json\/wp\/v2\/tags?post=2757"}],"curies":[{"name":"wp","href":"https:\/\/api.w.org\/{rel}","templated":true}]}}