{"id":2797,"date":"2014-10-01T20:43:26","date_gmt":"2014-10-01T19:43:26","guid":{"rendered":"https:\/\/www.coloriages-pour-enfants.net\/?p=2797"},"modified":"2014-10-01T20:43:26","modified_gmt":"2014-10-01T19:43:26","slug":"coloriages-pat-patrouille-ajoutes","status":"publish","type":"post","link":"https:\/\/www.justcolor.net\/enfants\/coloriages-pat-patrouille-ajoutes\/","title":{"rendered":"Des Coloriages de Pat Patrouille ajout\u00e9s !"},"content":{"rendered":"<p>Si vos enfants regardent les dessins anim\u00e9s le matin, ils sont sans doute d\u00e9j\u00e0 accroc \u00e0 <strong>Pat Patrouille (Paw Patrol en VO)<\/strong>, la nouvelle s\u00e9rie anim\u00e9e qui est diffus\u00e9e sur TF1 (TFOU) depuis quelques temps.<\/p>\n<figure id=\"attachment_2798\" aria-describedby=\"caption-attachment-2798\" style=\"width: 290px\" class=\"wp-caption alignnone\"><a href=\"https:\/\/www.coloriages-pour-enfants.net\/wp-content\/uploads\/sites\/11\/2014\/09\/pat-patrouille-chiens.png\"><img loading=\"lazy\" decoding=\"async\" class=\"size-medium wp-image-2798\" alt=\"L'\u00e9quipe de Pat Patrouille\" src=\"https:\/\/www.coloriages-pour-enfants.net\/wp-content\/uploads\/sites\/11\/2014\/09\/pat-patrouille-chiens-300x125.png\" width=\"300\" height=\"125\" \/><\/a><figcaption id=\"caption-attachment-2798\" class=\"wp-caption-text\">L&rsquo;\u00e9quipe de <strong>Pat Patrouille<\/strong><\/figcaption><\/figure>\n<p>Mettant en sc\u00e8ne une patrouille de 6 chiens aux races &amp; sp\u00e9cialit\u00e9s diff\u00e9rentes, men\u00e9es par un jeune gar\u00e7on de 10 ans, cette s\u00e9rie m\u00eale action, humour, et \u00ab\u00a0le\u00e7ons de vie\u00a0\u00bb.<\/p>\n<p>Nous avons donc ajout\u00e9 quelques <a title=\"Coloriage Pat Patrouille\" href=\"https:\/\/www.coloriages-pour-enfants.net\/coloriages-personnages-tv\/pat-patrouille\/\">coloriages de <strong>Pat Patrouille<\/strong><\/a>, nous esp\u00e9rons qu&rsquo;ils vous plairont !<\/p>\n","protected":false},"excerpt":{"rendered":"<p>Si vos enfants regardent les dessins anim\u00e9s le matin, ils sont sans doute d\u00e9j\u00e0 accroc \u00e0 Pat Patrouille (Paw Patrol en VO), la nouvelle s\u00e9rie anim\u00e9e qui est diffus\u00e9e sur TF1 (TFOU) depuis quelques temps. Mettant en sc\u00e8ne une patrouille de 6 chiens aux races &amp; sp\u00e9cialit\u00e9s diff\u00e9rentes, men\u00e9es par un jeune gar\u00e7on de 10 &#8230; <br \/><a title=\"Des Coloriages de Pat Patrouille ajout\u00e9s !\" class=\"read-more\" href=\"https:\/\/www.justcolor.net\/enfants\/coloriages-pat-patrouille-ajoutes\/\">Lire la suite<\/a><\/p>\n","protected":false},"author":1,"featured_media":0,"comment_status":"closed","ping_status":"closed","sticky":false,"template":"","format":"standard","meta":{"ngg_post_thumbnail":0,"footnotes":""},"categories":[1,6],"tags":[],"class_list":["post-2797","post","type-post","status-publish","format-standard","hentry","category-boutique","category-non-classe"],"amp_enabled":true,"_links":{"self":[{"href":"https:\/\/www.justcolor.net\/enfants\/wp-json\/wp\/v2\/posts\/2797","targetHints":{"allow":["GET"]}}],"collection":[{"href":"https:\/\/www.justcolor.net\/enfants\/wp-json\/wp\/v2\/posts"}],"about":[{"href":"https:\/\/www.justcolor.net\/enfants\/wp-json\/wp\/v2\/types\/post"}],"author":[{"embeddable":true,"href":"https:\/\/www.justcolor.net\/enfants\/wp-json\/wp\/v2\/users\/1"}],"replies":[{"embeddable":true,"href":"https:\/\/www.justcolor.net\/enfants\/wp-json\/wp\/v2\/comments?post=2797"}],"version-history":[{"count":0,"href":"https:\/\/www.justcolor.net\/enfants\/wp-json\/wp\/v2\/posts\/2797\/revisions"}],"wp:attachment":[{"href":"https:\/\/www.justcolor.net\/enfants\/wp-json\/wp\/v2\/media?parent=2797"}],"wp:term":[{"taxonomy":"category","embeddable":true,"href":"https:\/\/www.justcolor.net\/enfants\/wp-json\/wp\/v2\/categories?post=2797"},{"taxonomy":"post_tag","embeddable":true,"href":"https:\/\/www.justcolor.net\/enfants\/wp-json\/wp\/v2\/tags?post=2797"}],"curies":[{"name":"wp","href":"https:\/\/api.w.org\/{rel}","templated":true}]}}