{"id":2960,"date":"2014-12-10T09:00:59","date_gmt":"2014-12-10T08:00:59","guid":{"rendered":"https:\/\/www.coloriages-pour-enfants.net\/?p=2960"},"modified":"2014-12-10T09:00:59","modified_gmt":"2014-12-10T08:00:59","slug":"coloriage-magique-violetta-par-petite-fille-4-ans","status":"publish","type":"post","link":"https:\/\/www.justcolor.net\/enfants\/coloriage-magique-violetta-par-petite-fille-4-ans\/","title":{"rendered":"Un Coloriage Magique de Violetta !"},"content":{"rendered":"<p>Nous avons \u00e0 peine mis en ligne un nouveau <strong>Coloriage magique, cr\u00e9\u00e9 \u00e0 partir d&rsquo;un dessin \u00e0 colorier de Violetta<\/strong>, qu&rsquo;une de nos \u00ab\u00a0fans\u00a0\u00bb nous a envoy\u00e9 via notre Page Facebook l&rsquo;oeuvre d&rsquo;art faite par sa fille &#8230;<\/p>\n<p>Et voici le r\u00e9sultat, <strong><span style=\"color: #800000\">BRAVO<\/span><\/strong> \u00e0 No\u00e9mie, 4 ans !<\/p>\n<figure id=\"attachment_2961\" aria-describedby=\"caption-attachment-2961\" style=\"width: 158px\" class=\"wp-caption alignnone\"><img loading=\"lazy\" decoding=\"async\" class=\"size-medium wp-image-2961\" alt=\"Bravo \u00e0 No\u00e9mie pour ce beau travail !\" src=\"https:\/\/www.coloriages-pour-enfants.net\/wp-content\/uploads\/sites\/11\/2014\/12\/IMG_20141208_071529-168x300.jpg\" width=\"168\" height=\"300\" \/><figcaption id=\"caption-attachment-2961\" class=\"wp-caption-text\">Bravo \u00e0 No\u00e9mie pour ce beau travail !<\/figcaption><\/figure>\n<p>En plus ce coloriage a \u00e9t\u00e9 montr\u00e9 \u00e0 toute sa classe dans son \u00ab\u00a0Cahier de vie\u00a0\u00bb, esp\u00e9rons qu&rsquo;elle nous a fait un peu de publicit\u00e9 pour le site : !)<\/p>\n<p><strong>Vous pouvez retrouver ce Coloriage, pour \u00e9galement le r\u00e9aliser \u00a0:<\/strong><\/p>\n<ul>\n<li>Directement sur ce site, dans la <a title=\"Coloriage Violetta\" href=\"https:\/\/www.coloriages-pour-enfants.net\/coloriages-personnages-tv\/coloriage-violetta\/\">Galerie d&rsquo;images <strong>Violetta<\/strong><\/a> \u00e0 imprimer gratuitement (derni\u00e8re page)<\/li>\n<li>Sur notre autre site <strong><a href=\"https:\/\/www.coloriages-magiques.net\">www.coloriages-magiques.net<\/a><\/strong>, dans la partie <a title=\"Des Coloriages magiques \u00e0 partir de Chiffres\" href=\"https:\/\/www.coloriages-magiques.net\/chiffres\/\">Chiffres<\/a>\u00a0(page 2)<\/li>\n<\/ul>\n<p>&nbsp;<\/p>\n<p>Il est assez facile \u00e0 r\u00e9aliser : les diff\u00e9rentes zones constituant le fond sont \u00e0 colorier selon les codes, puis les 2 personnages : Violetta et Tomas, sont \u00e0 mettre en couleur librement !<\/p>\n","protected":false},"excerpt":{"rendered":"<p>Nous avons \u00e0 peine mis en ligne un nouveau Coloriage magique, cr\u00e9\u00e9 \u00e0 partir d&rsquo;un dessin \u00e0 colorier de Violetta, qu&rsquo;une de nos \u00ab\u00a0fans\u00a0\u00bb nous a envoy\u00e9 via notre Page Facebook l&rsquo;oeuvre d&rsquo;art faite par sa fille &#8230; Et voici le r\u00e9sultat, BRAVO \u00e0 No\u00e9mie, 4 ans ! En plus ce coloriage a \u00e9t\u00e9 montr\u00e9 &#8230; <br \/><a title=\"Un Coloriage Magique de Violetta !\" class=\"read-more\" href=\"https:\/\/www.justcolor.net\/enfants\/coloriage-magique-violetta-par-petite-fille-4-ans\/\">Lire la suite<\/a><\/p>\n","protected":false},"author":1,"featured_media":0,"comment_status":"closed","ping_status":"closed","sticky":false,"template":"","format":"standard","meta":{"ngg_post_thumbnail":0,"footnotes":""},"categories":[6,9],"tags":[154,610],"class_list":["post-2960","post","type-post","status-publish","format-standard","hentry","category-non-classe","category-vos-realisations","tag-coloriage-magique","tag-violetta"],"amp_enabled":true,"_links":{"self":[{"href":"https:\/\/www.justcolor.net\/enfants\/wp-json\/wp\/v2\/posts\/2960","targetHints":{"allow":["GET"]}}],"collection":[{"href":"https:\/\/www.justcolor.net\/enfants\/wp-json\/wp\/v2\/posts"}],"about":[{"href":"https:\/\/www.justcolor.net\/enfants\/wp-json\/wp\/v2\/types\/post"}],"author":[{"embeddable":true,"href":"https:\/\/www.justcolor.net\/enfants\/wp-json\/wp\/v2\/users\/1"}],"replies":[{"embeddable":true,"href":"https:\/\/www.justcolor.net\/enfants\/wp-json\/wp\/v2\/comments?post=2960"}],"version-history":[{"count":0,"href":"https:\/\/www.justcolor.net\/enfants\/wp-json\/wp\/v2\/posts\/2960\/revisions"}],"wp:attachment":[{"href":"https:\/\/www.justcolor.net\/enfants\/wp-json\/wp\/v2\/media?parent=2960"}],"wp:term":[{"taxonomy":"category","embeddable":true,"href":"https:\/\/www.justcolor.net\/enfants\/wp-json\/wp\/v2\/categories?post=2960"},{"taxonomy":"post_tag","embeddable":true,"href":"https:\/\/www.justcolor.net\/enfants\/wp-json\/wp\/v2\/tags?post=2960"}],"curies":[{"name":"wp","href":"https:\/\/api.w.org\/{rel}","templated":true}]}}