{"id":3139,"date":"2015-06-30T14:06:58","date_gmt":"2015-06-30T13:06:58","guid":{"rendered":"https:\/\/www.coloriages-pour-enfants.net\/?p=3139"},"modified":"2015-06-30T14:06:58","modified_gmt":"2015-06-30T13:06:58","slug":"nouveaux-coloriages-danna-elsa-olaf-kristoff-sven","status":"publish","type":"post","link":"https:\/\/www.justcolor.net\/enfants\/nouveaux-coloriages-danna-elsa-olaf-kristoff-sven\/","title":{"rendered":"Des nouveaux coloriages d&rsquo;Anna, Elsa, Olaf, Kristoff et Sven !"},"content":{"rendered":"<p>Vous avez reconnu ces noms ? Il s&rsquo;agit bien s\u00fbr des h\u00e9ros de <a title=\"Coloriage La reine des neiges\" href=\"https:\/\/www.coloriages-pour-enfants.net\/animation\/coloriages-films-animations-disney-pixar\/la-reine-des-neiges\/\"><strong>la Reine des neiges<\/strong><\/a> !<\/p>\n<p>Nous venons d&rsquo;ouvrir<strong> 5 nouvelles galeries d&rsquo;images \u00e0 imprimer et colorier<\/strong>\u00a0enti\u00e8rement d\u00e9di\u00e9s \u00e0 ces personnages r\u00e9cents mais d\u00e9j\u00e0 cultes &#8230;<br \/>\nQui seront \u00e0 retrouver bient\u00f4t dans <em>La reine des neiges 2<\/em>, actuellement en pr\u00e9paration !<\/p>\n<p>C&rsquo;est parti, cliquez sur le personnage que vous souhaitez colorier.<\/p>\n<p><div class=\"gallery-grid\">\n    <div class=\"gallery-grid-item\">\n        <div class=\"ngg-album-link\">\n            <a class=\"gallery_link\" href=\"https:\/\/www.justcolor.net\/enfants\/nouveaux-coloriages-danna-elsa-olaf-kristoff-sven\/nggallery\/personnages-la-reine-des-neiges\/anna-la-reine-des-neiges?amp=1\" title=\"Coloriages d&#039;Anna (La reine des neiges) \u00e0 imprimer pour enfants\">\n                <img class=\"Thumb\"\n                     alt=\"Coloriages d&#039;Anna (La reine des neiges) \u00e0 imprimer pour enfants\"\n                     src=\"https:\/\/www.justcolor.net\/enfants\/wp-content\/uploads\/sites\/11\/nggallery\/anna-la-reine-des-neiges\/cache\/coloriage-la-reine-des-neiges-anna-2.jpg-nggid045161-ngg0dyn-240x160x100-00f0w010c011r110f110r010t010.jpg\"\n                     loading=\"lazy\"\n                     width=\"250\"\n                     height=\"150\" \/>\n            <\/a>\n        <\/div>\n        <h2 class=\"gallery-grid-album-lig1\">\n            <a class=\"ngg-album-desc\"\n               title=\"Coloriages d&#039;Anna (La reine des neiges) \u00e0 imprimer\"\n               href=\"https:\/\/www.justcolor.net\/enfants\/nouveaux-coloriages-danna-elsa-olaf-kristoff-sven\/nggallery\/personnages-la-reine-des-neiges\/anna-la-reine-des-neiges?amp=1\">\n                Anna (La reine des neiges)            <\/a>\n        <\/h2>\n    <\/div>\n    <div class=\"gallery-grid-item\">\n        <div class=\"ngg-album-link\">\n            <a class=\"gallery_link\" href=\"https:\/\/www.justcolor.net\/enfants\/nouveaux-coloriages-danna-elsa-olaf-kristoff-sven\/nggallery\/personnages-la-reine-des-neiges\/elsa-la-reine-des-neiges?amp=1\" title=\"Coloriages d&#039;Elsa (La reine des neiges) \u00e0 imprimer pour enfants\">\n                <img class=\"Thumb\"\n                     alt=\"Coloriages d&#039;Elsa (La reine des neiges) \u00e0 imprimer pour enfants\"\n                     src=\"https:\/\/www.justcolor.net\/enfants\/wp-content\/uploads\/sites\/11\/nggallery\/elsa-la-reine-des-neiges\/cache\/coloriage-la-reine-des-neiges-elsa-3.jpg-nggid045166-ngg0dyn-240x160x100-00f0w010c011r110f110r010t010.jpg\"\n                     loading=\"lazy\"\n                     width=\"250\"\n                     height=\"150\" \/>\n            <\/a>\n        <\/div>\n        <h2 class=\"gallery-grid-album-lig1\">\n            <a class=\"ngg-album-desc\"\n               title=\"Coloriages d&#039;Elsa (La reine des neiges) \u00e0 imprimer\"\n               href=\"https:\/\/www.justcolor.net\/enfants\/nouveaux-coloriages-danna-elsa-olaf-kristoff-sven\/nggallery\/personnages-la-reine-des-neiges\/elsa-la-reine-des-neiges?amp=1\">\n                Elsa (La reine des neiges)            <\/a>\n        <\/h2>\n    <\/div>\n    <div class=\"gallery-grid-item\">\n        <div class=\"ngg-album-link\">\n            <a class=\"gallery_link\" href=\"https:\/\/www.justcolor.net\/enfants\/nouveaux-coloriages-danna-elsa-olaf-kristoff-sven\/nggallery\/personnages-la-reine-des-neiges\/olaf-la-reine-des-neiges?amp=1\" title=\"Coloriages d&#039;Olaf (La reine des neiges) \u00e0 imprimer pour enfants\">\n                <img class=\"Thumb\"\n                     alt=\"Coloriages d&#039;Olaf (La reine des neiges) \u00e0 imprimer pour enfants\"\n                     src=\"https:\/\/www.justcolor.net\/enfants\/wp-content\/uploads\/sites\/11\/nggallery\/olaf-la-reine-des-neiges\/cache\/coloriage-la-reine-des-olaf-5.jpg-nggid045178-ngg0dyn-240x160x100-00f0w010c011r110f110r010t010.jpg\"\n                     loading=\"lazy\"\n                     width=\"250\"\n                     height=\"150\" \/>\n            <\/a>\n        <\/div>\n        <h2 class=\"gallery-grid-album-lig1\">\n            <a class=\"ngg-album-desc\"\n               title=\"Coloriages d&#039;Olaf (La reine des neiges) \u00e0 imprimer\"\n               href=\"https:\/\/www.justcolor.net\/enfants\/nouveaux-coloriages-danna-elsa-olaf-kristoff-sven\/nggallery\/personnages-la-reine-des-neiges\/olaf-la-reine-des-neiges?amp=1\">\n                Olaf (La reine des neiges)            <\/a>\n        <\/h2>\n    <\/div>\n    <div class=\"gallery-grid-item\">\n        <div class=\"ngg-album-link\">\n            <a class=\"gallery_link\" href=\"https:\/\/www.justcolor.net\/enfants\/nouveaux-coloriages-danna-elsa-olaf-kristoff-sven\/nggallery\/personnages-la-reine-des-neiges\/kristoff-la-reine-des-neiges?amp=1\" title=\"Coloriages de Kristoff (La reine des neiges) \u00e0 imprimer pour enfants\">\n                <img class=\"Thumb\"\n                     alt=\"Coloriages de Kristoff (La reine des neiges) \u00e0 imprimer pour enfants\"\n                     src=\"https:\/\/www.justcolor.net\/enfants\/wp-content\/uploads\/sites\/11\/nggallery\/kristoff-la-reine-des-neiges\/cache\/coloriage-la-reine-des-kristoff-1.gif-nggid045173-ngg0dyn-240x160x100-00f0w010c011r110f110r010t010.gif\"\n                     loading=\"lazy\"\n                     width=\"250\"\n                     height=\"150\" \/>\n            <\/a>\n        <\/div>\n        <h2 class=\"gallery-grid-album-lig1\">\n            <a class=\"ngg-album-desc\"\n               title=\"Coloriages de Kristoff (La reine des neiges) \u00e0 imprimer\"\n               href=\"https:\/\/www.justcolor.net\/enfants\/nouveaux-coloriages-danna-elsa-olaf-kristoff-sven\/nggallery\/personnages-la-reine-des-neiges\/kristoff-la-reine-des-neiges?amp=1\">\n                Kristoff (La reine des neiges)            <\/a>\n        <\/h2>\n    <\/div>\n    <div class=\"gallery-grid-item\">\n        <div class=\"ngg-album-link\">\n            <a class=\"gallery_link\" href=\"https:\/\/www.justcolor.net\/enfants\/nouveaux-coloriages-danna-elsa-olaf-kristoff-sven\/nggallery\/personnages-la-reine-des-neiges\/sven-la-reine-des-neiges?amp=1\" title=\"Coloriages de Sven (La reine des neiges) \u00e0 imprimer pour enfants\">\n                <img class=\"Thumb\"\n                     alt=\"Coloriages de Sven (La reine des neiges) \u00e0 imprimer pour enfants\"\n                     src=\"https:\/\/www.justcolor.net\/enfants\/wp-content\/uploads\/sites\/11\/nggallery\/sven-la-reine-des-neiges\/cache\/coloriage-la-reine-des-sven-1.gif-nggid045187-ngg0dyn-240x160x100-00f0w010c011r110f110r010t010.gif\"\n                     loading=\"lazy\"\n                     width=\"250\"\n                     height=\"150\" \/>\n            <\/a>\n        <\/div>\n        <h2 class=\"gallery-grid-album-lig1\">\n            <a class=\"ngg-album-desc\"\n               title=\"Coloriages de Sven (La reine des neiges) \u00e0 imprimer\"\n               href=\"https:\/\/www.justcolor.net\/enfants\/nouveaux-coloriages-danna-elsa-olaf-kristoff-sven\/nggallery\/personnages-la-reine-des-neiges\/sven-la-reine-des-neiges?amp=1\">\n                Sven (La reine des neiges)            <\/a>\n        <\/h2>\n    <\/div>\n<br class=\"ngg-clear\"\/>\n<div class='ngg-clear'><\/div><\/div>\n<\/p>\n<p>&nbsp;<\/p>\n<p>&nbsp;<\/p>\n","protected":false},"excerpt":{"rendered":"<p>Vous avez reconnu ces noms ? Il s&rsquo;agit bien s\u00fbr des h\u00e9ros de la Reine des neiges ! Nous venons d&rsquo;ouvrir 5 nouvelles galeries d&rsquo;images \u00e0 imprimer et colorier\u00a0enti\u00e8rement d\u00e9di\u00e9s \u00e0 ces personnages r\u00e9cents mais d\u00e9j\u00e0 cultes &#8230; Qui seront \u00e0 retrouver bient\u00f4t dans La reine des neiges 2, actuellement en pr\u00e9paration ! C&rsquo;est parti, &#8230; <br \/><a title=\"Des nouveaux coloriages d&rsquo;Anna, Elsa, Olaf, Kristoff et Sven !\" class=\"read-more\" href=\"https:\/\/www.justcolor.net\/enfants\/nouveaux-coloriages-danna-elsa-olaf-kristoff-sven\/\">Lire la suite<\/a><\/p>\n","protected":false},"author":1,"featured_media":0,"comment_status":"closed","ping_status":"closed","sticky":false,"template":"","format":"standard","meta":{"ngg_post_thumbnail":0,"footnotes":""},"categories":[6,7],"tags":[],"class_list":["post-3139","post","type-post","status-publish","format-standard","hentry","category-non-classe","category-nouveautes"],"amp_enabled":true,"_links":{"self":[{"href":"https:\/\/www.justcolor.net\/enfants\/wp-json\/wp\/v2\/posts\/3139","targetHints":{"allow":["GET"]}}],"collection":[{"href":"https:\/\/www.justcolor.net\/enfants\/wp-json\/wp\/v2\/posts"}],"about":[{"href":"https:\/\/www.justcolor.net\/enfants\/wp-json\/wp\/v2\/types\/post"}],"author":[{"embeddable":true,"href":"https:\/\/www.justcolor.net\/enfants\/wp-json\/wp\/v2\/users\/1"}],"replies":[{"embeddable":true,"href":"https:\/\/www.justcolor.net\/enfants\/wp-json\/wp\/v2\/comments?post=3139"}],"version-history":[{"count":0,"href":"https:\/\/www.justcolor.net\/enfants\/wp-json\/wp\/v2\/posts\/3139\/revisions"}],"wp:attachment":[{"href":"https:\/\/www.justcolor.net\/enfants\/wp-json\/wp\/v2\/media?parent=3139"}],"wp:term":[{"taxonomy":"category","embeddable":true,"href":"https:\/\/www.justcolor.net\/enfants\/wp-json\/wp\/v2\/categories?post=3139"},{"taxonomy":"post_tag","embeddable":true,"href":"https:\/\/www.justcolor.net\/enfants\/wp-json\/wp\/v2\/tags?post=3139"}],"curies":[{"name":"wp","href":"https:\/\/api.w.org\/{rel}","templated":true}]}}