{"id":4485,"date":"2016-04-05T10:03:22","date_gmt":"2016-04-05T09:03:22","guid":{"rendered":"https:\/\/www.justcolor.net\/fr\/?p=4485"},"modified":"2016-05-11T11:30:16","modified_gmt":"2016-05-11T10:30:16","slug":"lorigine-des-mandalas","status":"publish","type":"post","link":"https:\/\/www.justcolor.net\/fr\/lorigine-des-mandalas\/","title":{"rendered":"L&rsquo;origine des Mandalas"},"content":{"rendered":"<p class=\"p1\" style=\"text-align: left;\"><span class=\"s1\"><strong>Ah les Mandalas<\/strong>! <\/span><span class=\"s1\">Vous pratiquez peut-\u00eatre d\u00e9j\u00e0 cet art spirituel \u00e0 la perfection, ou \u00e0 contrario vous n\u2019en avez jamais entendu parler.<\/span><\/p>\n<p class=\"p1\"><span class=\"s1\">Une chose est s\u00fbre ! Que ce soit les rosaces de Marie, la voisine blonde de la classe de CM1, ou bien les grands vitraux de l\u2019\u00e9glise durant le bapt\u00eame du petit cousin Arthur, <strong>nous en voyons r\u00e9guli\u00e8rement depuis notre enfance<\/strong>.\u00a0<\/span><\/p>\n<figure id=\"attachment_4490\" aria-describedby=\"caption-attachment-4490\" style=\"width: 464px\" class=\"wp-caption alignnone\"><img loading=\"lazy\" decoding=\"async\" class=\"wp-image-4490 size-large\" src=\"https:\/\/www.justcolor.net\/fr\/wp-content\/uploads\/sites\/2\/2016\/04\/13703592233_cfc4f6e116_o-1024x783.jpg\" alt=\"Rosace\" width=\"474\" height=\"362\" \/><figcaption id=\"caption-attachment-4490\" class=\"wp-caption-text\">Rosace dans une \u00e9glise &#8211; 5 Avril 2014<\/figcaption><\/figure>\n<p class=\"p1\"><!--more--><\/p>\n<p class=\"p1\"><span class=\"s1\">Le Mandala (cercle sacr\u00e9 en Sanskrit), est un concept g\u00e9om\u00e9trique, spirituel et artistique pour lequel <strong>il est difficile de trouver des\u00a0origines<\/strong>.<\/span><\/p>\n<p class=\"p1\"><span class=\"s1\">Beaucoup de th\u00e9ories reviennent :<\/span><\/p>\n<ul>\n<li class=\"li1\"><span class=\"s1\">\u00abLe premier Mandala est le Bigbang\u00bb <\/span><\/li>\n<li class=\"li1\"><span class=\"s1\">\u00abC\u2019\u00e9tait un mod\u00e8le pour l\u2019architecture il y a fort longtemps\u00bb<\/span><\/li>\n<li class=\"li1\"><span class=\"s1\">\u00abC\u2019est un objet spirituel invent\u00e9 par les hindouistes\u00bb<\/span><\/li>\n<\/ul>\n<figure id=\"attachment_4492\" aria-describedby=\"caption-attachment-4492\" style=\"width: 464px\" class=\"wp-caption alignnone\"><img loading=\"lazy\" decoding=\"async\" class=\"wp-image-4492 size-large\" src=\"https:\/\/www.justcolor.net\/fr\/wp-content\/uploads\/sites\/2\/2016\/04\/7180699950_aba2ceb139_o-1024x765.jpg\" alt=\"Mandala\" width=\"474\" height=\"354\" \/><figcaption id=\"caption-attachment-4492\" class=\"wp-caption-text\">Mandala hindou &#8211; 11 Mai 2012<\/figcaption><\/figure>\n<p class=\"p1\"><span class=\"s1\">En effet, de grands myst\u00e8res naissent autour de ces formes. <\/span><span class=\"s1\">Dans tous les cas, les Mandalas sont apparus dans nos diff\u00e9rentes cultures simultan\u00e9ment. <\/span><\/p>\n<p class=\"p1\"><span class=\"s1\">La cause ? <span style=\"color: #000000;\"><strong>c\u2019est une arme contre le stress et les troubles de la concentration<\/strong><\/span>. <\/span><span class=\"s1\">Pas \u00e9tonnant que les bouddhistes les utilisaient comme objet de m\u00e9ditation ! <\/span><\/p>\n<p class=\"p1\"><span class=\"s1\">Si jamais votre enfant a du mal \u00e0 se concentrer, s\u2019il ne reste jamais en place, vous venez de trouver la solution ! Et c\u2019est m\u00eame recommand\u00e9 par beaucoup de th\u00e9rapeutes. <\/span><\/p>\n<p class=\"p1\"><span class=\"s1\">Il paraitrait m\u00eame qu\u2019en coloriant un <strong>Mandala<\/strong>, on pourrait en ressentir les vibrations qui en \u00e9manent \u2026Bon vous attendez quoi ?<\/span><\/p>\n<p class=\"p1\">Tous nos mandalas <span style=\"text-decoration: underline;\"><strong><a href=\"http:\/\/goo.gl\/QBxC0x\">juste ici\u00a0<\/a><\/strong><\/span><\/p>\n","protected":false},"excerpt":{"rendered":"<p>Ah les Mandalas! Vous pratiquez peut-\u00eatre d\u00e9j\u00e0 cet art spirituel \u00e0 la perfection, ou \u00e0 contrario vous n\u2019en avez jamais entendu parler. Une chose est s\u00fbre ! Que ce soit les rosaces de Marie, la voisine blonde de la classe de CM1, ou bien les grands vitraux de l\u2019\u00e9glise durant le bapt\u00eame du petit cousin &#8230; <br \/><a title=\"L&rsquo;origine des Mandalas\" class=\"read-more\" href=\"https:\/\/www.justcolor.net\/fr\/lorigine-des-mandalas\/\">Lire la suite<\/a><\/p>\n","protected":false},"author":2,"featured_media":5098,"comment_status":"closed","ping_status":"closed","sticky":false,"template":"","format":"standard","meta":{"ngg_post_thumbnail":0,"footnotes":""},"categories":[438],"tags":[],"class_list":["post-4485","post","type-post","status-publish","format-standard","has-post-thumbnail","hentry","category-un-peu-de-culture"],"amp_enabled":true,"_links":{"self":[{"href":"https:\/\/www.justcolor.net\/fr\/wp-json\/wp\/v2\/posts\/4485","targetHints":{"allow":["GET"]}}],"collection":[{"href":"https:\/\/www.justcolor.net\/fr\/wp-json\/wp\/v2\/posts"}],"about":[{"href":"https:\/\/www.justcolor.net\/fr\/wp-json\/wp\/v2\/types\/post"}],"author":[{"embeddable":true,"href":"https:\/\/www.justcolor.net\/fr\/wp-json\/wp\/v2\/users\/2"}],"replies":[{"embeddable":true,"href":"https:\/\/www.justcolor.net\/fr\/wp-json\/wp\/v2\/comments?post=4485"}],"version-history":[{"count":0,"href":"https:\/\/www.justcolor.net\/fr\/wp-json\/wp\/v2\/posts\/4485\/revisions"}],"wp:featuredmedia":[{"embeddable":true,"href":"https:\/\/www.justcolor.net\/fr\/wp-json\/wp\/v2\/media\/5098"}],"wp:attachment":[{"href":"https:\/\/www.justcolor.net\/fr\/wp-json\/wp\/v2\/media?parent=4485"}],"wp:term":[{"taxonomy":"category","embeddable":true,"href":"https:\/\/www.justcolor.net\/fr\/wp-json\/wp\/v2\/categories?post=4485"},{"taxonomy":"post_tag","embeddable":true,"href":"https:\/\/www.justcolor.net\/fr\/wp-json\/wp\/v2\/tags?post=4485"}],"curies":[{"name":"wp","href":"https:\/\/api.w.org\/{rel}","templated":true}]}}