{"id":5772,"date":"2016-06-03T16:49:19","date_gmt":"2016-06-03T15:49:19","guid":{"rendered":"https:\/\/www.justcolor.net\/fr\/?p=5772"},"modified":"2016-06-03T17:20:41","modified_gmt":"2016-06-03T16:20:41","slug":"crayons-vs-feutres","status":"publish","type":"post","link":"https:\/\/www.justcolor.net\/fr\/crayons-vs-feutres\/","title":{"rendered":"Crayons vs Feutres"},"content":{"rendered":"<p><strong>Cette semaine nous vous avons demand\u00e9 de choisir un camp entre les crayons de couleur et les feutres.<\/strong><\/p>\n<p><strong>Voici les r\u00e9sultats de cette petite guerre !<\/strong><\/p>\n<p>&nbsp;<\/p>\n<p><img loading=\"lazy\" decoding=\"async\" class=\"alignnone wp-image-5774\" src=\"https:\/\/www.justcolor.net\/fr\/wp-content\/uploads\/sites\/2\/2016\/06\/Choisissez-votre-camp-1024x748.jpg\" alt=\"Choisissez votre camp\" width=\"600\" height=\"438\" srcset=\"https:\/\/www.justcolor.net\/fr\/wp-content\/uploads\/sites\/2\/2016\/06\/Choisissez-votre-camp-1024x748.jpg 1024w, https:\/\/www.justcolor.net\/fr\/wp-content\/uploads\/sites\/2\/2016\/06\/Choisissez-votre-camp-300x219.jpg 300w, https:\/\/www.justcolor.net\/fr\/wp-content\/uploads\/sites\/2\/2016\/06\/Choisissez-votre-camp-768x561.jpg 768w\" sizes=\"auto, (max-width: 600px) 100vw, 600px\" \/><\/p>\n<p>&nbsp;<\/p>\n<p><!--more--><\/p>\n<p>Voici les r\u00e9ponses que vous avez le plus souvent donn\u00e9es !<\/p>\n<p><strong>Pourquoi les feutres ?\u00a0<\/strong><\/p>\n<p>&#8211; \u00ab\u00a0Pour les couleurs vives\u00a0\u00bb<\/p>\n<p>&#8211; \u00ab\u00a0Pour un coloriage plus facile\u00a0\u00bb<\/p>\n<p>&#8211; \u00ab\u00a0Pour les contrastes\u00a0\u00bb<\/p>\n<p>&#8211; \u00ab\u00a0Pour la rapidit\u00e9\u00a0\u00bb<\/p>\n<p>&#8211; \u00ab\u00a0Pour la luminosit\u00e9\u00a0\u00bb<\/p>\n<p>&#8211; \u00ab\u00a0Pour la l\u00e9g\u00e8ret\u00e9\u00a0\u00bb (pas besoin d\u2019appuyer)<\/p>\n<p>&nbsp;<\/p>\n<p><strong>Pourquoi les crayons ?\u00a0<\/strong><\/p>\n<p>&#8211; \u00ab\u00a0Pour m\u00e9langer les couleurs\u00a0\u00bb<\/p>\n<p>&#8211; \u00ab\u00a0Pour les estomper\u00a0\u00bb<\/p>\n<p>&#8211; \u00ab\u00a0Pour les d\u00e9grad\u00e9s\u00a0\u00bb<\/p>\n<p>&#8211; \u00ab\u00a0Pour pouvoir gommer\u00a0\u00bb<\/p>\n<p>&#8211; \u00ab\u00a0Pour un \u00e9ventail de couleurs plus important\u00a0\u00bb<\/p>\n<p>&#8211; \u00ab\u00a0Pour la douceur\u00a0\u00bb<\/p>\n<p>&#8211; \u00ab\u00a0Pour ne pas faire de traces\u00a0\u00bb<\/p>\n<p>&#8211; \u00ab\u00a0Pour le naturel\u00a0\u00bb<\/p>\n<p>&nbsp;<\/p>\n<p><img loading=\"lazy\" decoding=\"async\" class=\"alignnone size-full wp-image-5773\" src=\"https:\/\/www.justcolor.net\/fr\/wp-content\/uploads\/sites\/2\/2016\/06\/battle.jpg\" alt=\"battle\" width=\"575\" height=\"192\" srcset=\"https:\/\/www.justcolor.net\/fr\/wp-content\/uploads\/sites\/2\/2016\/06\/battle.jpg 575w, https:\/\/www.justcolor.net\/fr\/wp-content\/uploads\/sites\/2\/2016\/06\/battle-300x100.jpg 300w\" sizes=\"auto, (max-width: 575px) 100vw, 575px\" \/><\/p>\n<p>Vous \u00eatre 57% \u00e0 r\u00e9pondre majoritairement les crayons de couleurs contre 43% pour les feutres.<\/p>\n<p>&nbsp;<\/p>\n<p>Et pour garder les avantages de chacun, nous avons trouver la solution : <strong>m\u00e9langer les deux !<\/strong><\/p>\n<p><img loading=\"lazy\" decoding=\"async\" class=\"alignnone wp-image-5775 size-medium\" src=\"https:\/\/www.justcolor.net\/fr\/wp-content\/uploads\/sites\/2\/2016\/06\/13350423_1093048560768245_7356151622236710524_o-220x300.jpg\" alt=\"13350423_1093048560768245_7356151622236710524_o\" width=\"220\" height=\"300\" srcset=\"https:\/\/www.justcolor.net\/fr\/wp-content\/uploads\/sites\/2\/2016\/06\/13350423_1093048560768245_7356151622236710524_o-220x300.jpg 220w, https:\/\/www.justcolor.net\/fr\/wp-content\/uploads\/sites\/2\/2016\/06\/13350423_1093048560768245_7356151622236710524_o-768x1047.jpg 768w, https:\/\/www.justcolor.net\/fr\/wp-content\/uploads\/sites\/2\/2016\/06\/13350423_1093048560768245_7356151622236710524_o-751x1024.jpg 751w, https:\/\/www.justcolor.net\/fr\/wp-content\/uploads\/sites\/2\/2016\/06\/13350423_1093048560768245_7356151622236710524_o.jpg 1502w\" sizes=\"auto, (max-width: 220px) 100vw, 220px\" \/><\/p>\n<p>comme par exemple sur cette r\u00e9alisation d&rsquo;une fan\u00a0!<\/p>\n<p><a href=\"https:\/\/www.justcolor.net\/fr\/nos-galeries\/\">Venez vous exercer avec nos coloriages ! \ud83d\ude42<\/a><\/p>\n","protected":false},"excerpt":{"rendered":"<p>Cette semaine nous vous avons demand\u00e9 de choisir un camp entre les crayons de couleur et les feutres. Voici les r\u00e9sultats de cette petite guerre ! &nbsp; &nbsp;<\/p>\n","protected":false},"author":2,"featured_media":5774,"comment_status":"closed","ping_status":"closed","sticky":false,"template":"","format":"standard","meta":{"ngg_post_thumbnail":0,"footnotes":""},"categories":[431],"tags":[],"class_list":["post-5772","post","type-post","status-publish","format-standard","has-post-thumbnail","hentry","category-actualite-du-coloriage-pour-adulte"],"amp_enabled":true,"_links":{"self":[{"href":"https:\/\/www.justcolor.net\/fr\/wp-json\/wp\/v2\/posts\/5772","targetHints":{"allow":["GET"]}}],"collection":[{"href":"https:\/\/www.justcolor.net\/fr\/wp-json\/wp\/v2\/posts"}],"about":[{"href":"https:\/\/www.justcolor.net\/fr\/wp-json\/wp\/v2\/types\/post"}],"author":[{"embeddable":true,"href":"https:\/\/www.justcolor.net\/fr\/wp-json\/wp\/v2\/users\/2"}],"replies":[{"embeddable":true,"href":"https:\/\/www.justcolor.net\/fr\/wp-json\/wp\/v2\/comments?post=5772"}],"version-history":[{"count":0,"href":"https:\/\/www.justcolor.net\/fr\/wp-json\/wp\/v2\/posts\/5772\/revisions"}],"wp:featuredmedia":[{"embeddable":true,"href":"https:\/\/www.justcolor.net\/fr\/wp-json\/wp\/v2\/media\/5774"}],"wp:attachment":[{"href":"https:\/\/www.justcolor.net\/fr\/wp-json\/wp\/v2\/media?parent=5772"}],"wp:term":[{"taxonomy":"category","embeddable":true,"href":"https:\/\/www.justcolor.net\/fr\/wp-json\/wp\/v2\/categories?post=5772"},{"taxonomy":"post_tag","embeddable":true,"href":"https:\/\/www.justcolor.net\/fr\/wp-json\/wp\/v2\/tags?post=5772"}],"curies":[{"name":"wp","href":"https:\/\/api.w.org\/{rel}","templated":true}]}}